{"id":209,"date":"2016-04-17T09:19:57","date_gmt":"2016-04-17T08:19:57","guid":{"rendered":"http:\/\/francis-berezne.net\/?p=209"},"modified":"2016-04-17T15:57:06","modified_gmt":"2016-04-17T14:57:06","slug":"deux-angles","status":"publish","type":"post","link":"https:\/\/francis-berezne.net\/?p=209","title":{"rendered":"Deux angles"},"content":{"rendered":"<div><span style=\"color: #008000;\">Fichier du 5 janvier 2006<\/span><\/div>\n<p style=\"text-indent: 25px;\"><span style=\"font-size: 12pt;\">Presque tous mes travaux sont r\u00e9alis\u00e9s \u00e0 partir de photographies que je prends moi-m\u00eame. Elles ne sont que la premi\u00e8re \u00e9tape de mon travail, mais ces photos ont leur existence propre. C\u2019est le cas des portraits et autoportraits que je peins depuis plus de quinze ans, avec pers\u00e9verance, et une passion de plus en plus vorace. Pour moi, rien n\u2019est aussi int\u00e9ressant que le visage.\u00a0 <\/span><\/p>\n<p style=\"text-indent: 25px;\"><span style=\"font-size: 12pt;\">Parce que j\u2019ai l\u2019humeur vagabonde, je ne m\u2019en tiens pas \u00e0 un style toujours identique, qui s\u2019impose par sa r\u00e9gularit\u00e9, mais j\u2019exp\u00e9rimente des mani\u00e8res diff\u00e9rentes. D\u00e8s qu\u2019une mani\u00e8re me r\u00e9ussit, je cherche ailleurs. Ainsi j\u2019ai abandonn\u00e9 les autoportraits \u00e0 la laque industrielle, trou\u00e9s, morcel\u00e9s, pour les huiles fines tach\u00e9es de pigments, et j\u2019ai faire suivre les monotypes grands formats, par des acryliques de formats r\u00e9duits. La derni\u00e8re s\u00e9rie, qui s\u2019est amorc\u00e9e au d\u00e9but de 2005, les autoportraits dans un bol de caf\u00e9, j\u2019aime \u00e0 dire, \u00e0 moiti\u00e9 comme une plaisanterie, \u00e0 moiti\u00e9 s\u00e9rieusement, qu\u2019il s\u2019agit d\u2019une premi\u00e8re dans l\u2019art de l\u2019autoportrait.A supposer que je ne laisse pas de traces, j\u2019aurai du moins fait avec ces peintures une petite vague \u00e0 la surface de la fontaine o\u00f9 Narcisse, etc\u2026 Mais l\u2019autoportrait d\u00e9borde \u00e0 mon avis le cadre tr\u00e8s circonstanci\u00e9 de la l\u00e9gende de Narcisse, et en retour le portrait est parfois une fa\u00e7on de se peindre. Passons.<\/span><\/p>\n<p style=\"text-indent: 25px;\"><span style=\"font-size: 12pt;\">Il y a longtemps, mes travaux relevaient de ce que Dubuffet appelle l\u2019art brut, une de ses inventions, pas la meilleure je le crains. Je ne renie pas cette partie de mon travail, m\u00eame si j\u2019ai renou\u00e9 avec un m\u00e9tier plus savant. C\u2019est le m\u00eame \u00e9tat d\u2019esprit qui conduit mes recherches d\u2019aujourd\u2019hui, esprit de r\u00e9volte, j\u2019y tiens, de d\u00e9couverte, pourquoi pas\u00a0? et certaines folies du temps de ma jeunesse continuent de faire leur petit bonhomme de chemin dans ma vie comme dans ma peinture, folies dont heureusement je ne viendrai jamais \u00e0 bout.<\/span><\/p>\n<p style=\"text-indent: 25px;\"><span style=\"font-size: 12pt;\">Maintenant je r\u00eave d\u2019une exposition o\u00f9 mes travaux seraient accompagn\u00e9s de texte. Cela me plairait. A la fois parce que \u00e7a donnerait \u00e0 l\u2019ensemble un petit air contemporain (pourtant les mots et les images ont une longue histoire en commun), mais aussi parce que de plus en plus souvent mes envies de peinture prennent d\u2019abord forme avec les mots, comme si les mots rendaient les choses plus faciles. En r\u00e9alit\u00e9, le bavardage des mots et le silence de la peinture, \u00e7a ne cesse pas de gripper et d\u2019emballer la machine. J\u2019essaye de m\u2019en accomoder, comme je cherche en peignant, \u00e0 \u00e9tablir un contact imm\u00e9diat, fulgurant si possible, avec le r\u00e9el.<\/span><\/p>\n<p style=\"text-indent: 25px;\"><span style=\"font-size: 12pt;\">Francis B\u00e9rezn\u00e9.\u00a0\u00a0\u00a0\u00a0<\/span><\/p>\n<h2 style=\"text-indent: 25px;\">CV<\/h2>\n<p style=\"text-indent: 25px;\"><span style=\"font-size: 12pt;\">Je suis n\u00e9 \u00e0 Paris en 1946. Apr\u00e8s mes \u00e9tudes aux Beaux Arts de Paris, j\u2019ai enseign\u00e9 dans cette \u00e9cole comme chef de travaux pratiques. Je l\u2019ai quitt\u00e9e dans les ann\u00e9es soixante quinze, pour animer et cr\u00e9er des ateliers avec des fous et des autistes. J\u2019ai entrepris des \u00e9tudes de lettres au d\u00e9but des ann\u00e9es quatre vingt, et j\u2019ai obtenu un DEA de lettres modernes.<\/span><\/p>\n<p style=\"text-indent: 25px;\"><span style=\"font-size: 12pt;\">Aujourd\u2019hui je vis et je travaille en Normandie.<\/span><\/p>\n","protected":false},"excerpt":{"rendered":"<p>Fichier du 5 janvier 2006 Presque tous mes travaux sont r\u00e9alis\u00e9s \u00e0 partir de photographies que je prends moi-m\u00eame. Elles ne sont que la premi\u00e8re \u00e9tape de mon travail, mais ces photos ont leur existence propre. C\u2019est le cas des portraits et autoportraits que je peins depuis plus de quinze ans, avec pers\u00e9verance, et une &hellip;<\/p>\n","protected":false},"author":1,"featured_media":0,"comment_status":"closed","ping_status":"closed","sticky":false,"template":"","format":"standard","meta":{"footnotes":""},"categories":[5],"tags":[],"class_list":["post-209","post","type-post","status-publish","format-standard","hentry","category-textes-inedits"],"_links":{"self":[{"href":"https:\/\/francis-berezne.net\/index.php?rest_route=\/wp\/v2\/posts\/209","targetHints":{"allow":["GET"]}}],"collection":[{"href":"https:\/\/francis-berezne.net\/index.php?rest_route=\/wp\/v2\/posts"}],"about":[{"href":"https:\/\/francis-berezne.net\/index.php?rest_route=\/wp\/v2\/types\/post"}],"author":[{"embeddable":true,"href":"https:\/\/francis-berezne.net\/index.php?rest_route=\/wp\/v2\/users\/1"}],"replies":[{"embeddable":true,"href":"https:\/\/francis-berezne.net\/index.php?rest_route=%2Fwp%2Fv2%2Fcomments&post=209"}],"version-history":[{"count":2,"href":"https:\/\/francis-berezne.net\/index.php?rest_route=\/wp\/v2\/posts\/209\/revisions"}],"predecessor-version":[{"id":492,"href":"https:\/\/francis-berezne.net\/index.php?rest_route=\/wp\/v2\/posts\/209\/revisions\/492"}],"wp:attachment":[{"href":"https:\/\/francis-berezne.net\/index.php?rest_route=%2Fwp%2Fv2%2Fmedia&parent=209"}],"wp:term":[{"taxonomy":"category","embeddable":true,"href":"https:\/\/francis-berezne.net\/index.php?rest_route=%2Fwp%2Fv2%2Fcategories&post=209"},{"taxonomy":"post_tag","embeddable":true,"href":"https:\/\/francis-berezne.net\/index.php?rest_route=%2Fwp%2Fv2%2Ftags&post=209"}],"curies":[{"name":"wp","href":"https:\/\/api.w.org\/{rel}","templated":true}]}}