{"id":216,"date":"2016-04-17T09:27:30","date_gmt":"2016-04-17T08:27:30","guid":{"rendered":"http:\/\/francis-berezne.net\/?p=216"},"modified":"2016-04-17T15:59:01","modified_gmt":"2016-04-17T14:59:01","slug":"sur-lhysterie","status":"publish","type":"post","link":"https:\/\/francis-berezne.net\/?p=216","title":{"rendered":"Sur l&rsquo;hyst\u00e9rie"},"content":{"rendered":"<h1><img loading=\"lazy\" decoding=\"async\" class=\"alignleft size-medium wp-image-219\" src=\"https:\/\/francis-berezne.net\/wp-content\/uploads\/2016\/04\/D-JGB-0532-230x300.jpg\" alt=\"D-JGB-0532\" width=\"230\" height=\"300\" srcset=\"https:\/\/francis-berezne.net\/wp-content\/uploads\/2016\/04\/D-JGB-0532-230x300.jpg 230w, https:\/\/francis-berezne.net\/wp-content\/uploads\/2016\/04\/D-JGB-0532.jpg 513w\" sizes=\"auto, (max-width: 230px) 100vw, 230px\" \/><\/h1>\n<p><span style=\"font-size: 12pt;\">Cette recherche sur l\u2019hyst\u00e9rie \u00e0 partir de l\u2019Iconographie photographique de la Salp\u00eatri\u00e8re a commenc\u00e9 il y a plusieurs ann\u00e9es. J\u2019ai expos\u00e9 en 2002, \u00e0 la biblioth\u00e8que de l\u2019Universit\u00e9 Paris Sorbonne III, une s\u00e9rie de vingt huit dessins \u00e0 l\u2019encre de chine et \u00e0 la pierre noire, d\u2019apr\u00e8s une seule photographie. Puis j\u2019ai rang\u00e9 tout \u00e7a dans un carton, et j\u2019ai expos\u00e9 d\u2019autres travaux \u00e0 l\u2019espace Concept, et \u00e0 la galerie Trafic\u00a0: autoportraits dans le miroir d\u2019un bol de caf\u00e9, figures du vide, portraits de famille. Aujourd\u2019hui je reviens vers cette \u00e9tude, plus s\u00fbr de ce que je veux donner \u00e0 voir de cette invention de l\u2019hyst\u00e9rie qui a donn\u00e9 naissance \u00e0 la psychanalyse. En m\u00eame temps que je peins, je m\u00e8ne une activit\u00e9 d\u2019\u00e9crivain, et mes livres sont publi\u00e9s depuis dix ans \u00e0 La Chambre d\u2019\u00c9chos.<\/span><\/p>\n","protected":false},"excerpt":{"rendered":"<p>Cette recherche sur l\u2019hyst\u00e9rie \u00e0 partir de l\u2019Iconographie photographique de la Salp\u00eatri\u00e8re a commenc\u00e9 il y a plusieurs ann\u00e9es. J\u2019ai expos\u00e9 en 2002, \u00e0 la biblioth\u00e8que de l\u2019Universit\u00e9 Paris Sorbonne III, une s\u00e9rie de vingt huit dessins \u00e0 l\u2019encre de chine et \u00e0 la pierre noire, d\u2019apr\u00e8s une seule photographie. Puis j\u2019ai rang\u00e9 tout \u00e7a &hellip;<\/p>\n","protected":false},"author":1,"featured_media":0,"comment_status":"closed","ping_status":"closed","sticky":false,"template":"","format":"standard","meta":{"footnotes":""},"categories":[5],"tags":[],"class_list":["post-216","post","type-post","status-publish","format-standard","hentry","category-textes-inedits"],"_links":{"self":[{"href":"https:\/\/francis-berezne.net\/index.php?rest_route=\/wp\/v2\/posts\/216","targetHints":{"allow":["GET"]}}],"collection":[{"href":"https:\/\/francis-berezne.net\/index.php?rest_route=\/wp\/v2\/posts"}],"about":[{"href":"https:\/\/francis-berezne.net\/index.php?rest_route=\/wp\/v2\/types\/post"}],"author":[{"embeddable":true,"href":"https:\/\/francis-berezne.net\/index.php?rest_route=\/wp\/v2\/users\/1"}],"replies":[{"embeddable":true,"href":"https:\/\/francis-berezne.net\/index.php?rest_route=%2Fwp%2Fv2%2Fcomments&post=216"}],"version-history":[{"count":3,"href":"https:\/\/francis-berezne.net\/index.php?rest_route=\/wp\/v2\/posts\/216\/revisions"}],"predecessor-version":[{"id":495,"href":"https:\/\/francis-berezne.net\/index.php?rest_route=\/wp\/v2\/posts\/216\/revisions\/495"}],"wp:attachment":[{"href":"https:\/\/francis-berezne.net\/index.php?rest_route=%2Fwp%2Fv2%2Fmedia&parent=216"}],"wp:term":[{"taxonomy":"category","embeddable":true,"href":"https:\/\/francis-berezne.net\/index.php?rest_route=%2Fwp%2Fv2%2Fcategories&post=216"},{"taxonomy":"post_tag","embeddable":true,"href":"https:\/\/francis-berezne.net\/index.php?rest_route=%2Fwp%2Fv2%2Ftags&post=216"}],"curies":[{"name":"wp","href":"https:\/\/api.w.org\/{rel}","templated":true}]}}